{"id":1942,"global_id":"lacreativacasadearte.es?id=1942","global_id_lineage":["lacreativacasadearte.es?id=1942"],"author":"1","status":"publish","date":"2025-10-28 17:59:53","date_utc":"2025-10-28 17:59:53","modified":"2025-11-03 10:43:33","modified_utc":"2025-11-03 10:43:33","url":"https:\/\/lacreativacasadearte.es\/?tribe_events=taller-de-set-de-desayuno-en-ceramica-21-de-noviembre","rest_url":"https:\/\/lacreativacasadearte.es\/index.php?rest_route=\/tribe\/events\/v1\/events\/1942","title":"Taller de set de desayuno en cer\u00e1mica-21 de noviembre","description":"<h1 style=\"text-align: center;\">Taller de set de desayuno en cer\u00e1mica-21 de noviembre<\/h1>\n<h1 style=\"text-align: center;\">COMPLETO<\/h1>\n<p><img loading=\"lazy\" decoding=\"async\" class=\"alignnone size-medium wp-image-1949 aligncenter\" src=\"https:\/\/lacreativacasadearte.es\/wp-content\/uploads\/2025\/10\/1-300x300.png\" alt=\"\" width=\"300\" height=\"300\" srcset=\"https:\/\/lacreativacasadearte.es\/wp-content\/uploads\/2025\/10\/1-300x300.png 300w, https:\/\/lacreativacasadearte.es\/wp-content\/uploads\/2025\/10\/1-1024x1024.png 1024w, https:\/\/lacreativacasadearte.es\/wp-content\/uploads\/2025\/10\/1-150x150.png 150w, https:\/\/lacreativacasadearte.es\/wp-content\/uploads\/2025\/10\/1-768x768.png 768w, https:\/\/lacreativacasadearte.es\/wp-content\/uploads\/2025\/10\/1-510x510.png 510w, https:\/\/lacreativacasadearte.es\/wp-content\/uploads\/2025\/10\/1.png 1080w\" sizes=\"auto, (max-width: 300px) 100vw, 300px\" \/><\/p>\n<p>En este taller podr\u00e1s elaborar tu propio set de desayuno que incluye taza y plato. Es un buen momento para que, a partir de ahora, comiences tus ma\u00f1anas tomando caf\u00e9 o t\u00e9 en una taza hecha por ti.<\/p>\n<p style=\"text-align: center;\"><img loading=\"lazy\" decoding=\"async\" class=\"alignnone size-medium wp-image-1950\" src=\"https:\/\/lacreativacasadearte.es\/wp-content\/uploads\/2025\/10\/2-300x300.png\" alt=\"\" width=\"300\" height=\"300\" srcset=\"https:\/\/lacreativacasadearte.es\/wp-content\/uploads\/2025\/10\/2-300x300.png 300w, https:\/\/lacreativacasadearte.es\/wp-content\/uploads\/2025\/10\/2-1024x1024.png 1024w, https:\/\/lacreativacasadearte.es\/wp-content\/uploads\/2025\/10\/2-150x150.png 150w, https:\/\/lacreativacasadearte.es\/wp-content\/uploads\/2025\/10\/2-768x768.png 768w, https:\/\/lacreativacasadearte.es\/wp-content\/uploads\/2025\/10\/2-510x510.png 510w, https:\/\/lacreativacasadearte.es\/wp-content\/uploads\/2025\/10\/2.png 1080w\" sizes=\"auto, (max-width: 300px) 100vw, 300px\" \/> <img loading=\"lazy\" decoding=\"async\" class=\"alignnone size-medium wp-image-1951\" src=\"https:\/\/lacreativacasadearte.es\/wp-content\/uploads\/2025\/10\/3-300x300.png\" alt=\"\" width=\"300\" height=\"300\" srcset=\"https:\/\/lacreativacasadearte.es\/wp-content\/uploads\/2025\/10\/3-300x300.png 300w, https:\/\/lacreativacasadearte.es\/wp-content\/uploads\/2025\/10\/3-1024x1024.png 1024w, https:\/\/lacreativacasadearte.es\/wp-content\/uploads\/2025\/10\/3-150x150.png 150w, https:\/\/lacreativacasadearte.es\/wp-content\/uploads\/2025\/10\/3-768x768.png 768w, https:\/\/lacreativacasadearte.es\/wp-content\/uploads\/2025\/10\/3-510x510.png 510w, https:\/\/lacreativacasadearte.es\/wp-content\/uploads\/2025\/10\/3.png 1080w\" sizes=\"auto, (max-width: 300px) 100vw, 300px\" \/><\/p>\n<p>A continuaci\u00f3n, te cuento c\u00f3mo funcionar\u00e1 este taller.<\/p>\n<p><strong>\u00bfQu\u00e9 incluye este taller?<\/strong><\/p>\n<p>Todo el material necesario:<\/p>\n<ul>\n<li>Barro blanco (loza) con el que modelaremos nuestras piezas: taza y plato o dos tazas<\/li>\n<li>Engobes para decorarlas<\/li>\n<li>Esmaltado<\/li>\n<li>Dos cocciones<\/li>\n<li>Merienda para el descanso. Si tienes alguna intolerancia, h\u00e1zmelo saber \ud83d\ude42<\/li>\n<\/ul>\n<p><strong>\u00bfQu\u00e9 haremos?<\/strong><\/p>\n<ul>\n<li>Moldearemos nuestras piezas<\/li>\n<li>Decoraremos y pintaremos nuestro set de desayuno<\/li>\n<li>Te podr\u00e1s llevar a casa tu set de desayuno hecho por ti<\/li>\n<\/ul>\n<p><strong>\u00bfCu\u00e1ndo tendr\u00e1 lugar y d\u00f3nde?<\/strong><\/p>\n<ul>\n<li><strong>21 de noviembre, viernes: duraci\u00f3n: 4h. (16:00-20:00h.)<\/strong><\/li>\n<li>Lugar: La Creativa<\/li>\n<\/ul>\n<p>Plazas: 8<\/p>\n<h2 style=\"text-align: center;\"><strong>Si quieres apuntarte a este taller, rellena el siguiente formulario y haz el pago y reserva de tu plaza en el enlace que encontrar\u00e1s en el correo electr\u00f3nico que te llegar\u00e1\u00a0<img decoding=\"async\" class=\"emoji\" role=\"img\" draggable=\"false\" src=\"https:\/\/s.w.org\/images\/core\/emoji\/15.1.0\/svg\/1f642.svg\" alt=\"\ud83d\ude42\" \/><\/strong><\/h2>\n<h2 style=\"text-align: center;\"><strong>\u00a1IMPORTANTE!: si en el plazo de 24h. no se ha realizado el pago, se entender\u00e1 que no se tiene inter\u00e9s en asistir al taller y la plaza quedar\u00e1 de nuevo libre.<\/strong><\/h2>\n<h1 style=\"text-align: center;\">COMPLETO<\/h1>","excerpt":"","slug":"taller-de-set-de-desayuno-en-ceramica-21-de-noviembre","image":false,"all_day":false,"start_date":"2025-11-21 16:00:00","start_date_details":{"year":"2025","month":"11","day":"21","hour":"16","minutes":"00","seconds":"00"},"end_date":"2025-11-21 20:00:00","end_date_details":{"year":"2025","month":"11","day":"21","hour":"20","minutes":"00","seconds":"00"},"utc_start_date":"2025-11-21 16:00:00","utc_start_date_details":{"year":"2025","month":"11","day":"21","hour":"16","minutes":"00","seconds":"00"},"utc_end_date":"2025-11-21 20:00:00","utc_end_date_details":{"year":"2025","month":"11","day":"21","hour":"20","minutes":"00","seconds":"00"},"timezone":"UTC+0","timezone_abbr":"UTC+0","cost":"50\u20ac","cost_details":{"currency_symbol":"\u20ac","currency_code":"USD","currency_position":"suffix","values":["50"]},"website":"","show_map":true,"show_map_link":true,"hide_from_listings":false,"sticky":false,"featured":false,"categories":[],"tags":[],"venue":{"id":1646,"author":"1","status":"publish","date":"2024-12-04 15:09:01","date_utc":"2024-12-04 15:09:01","modified":"2025-01-17 13:15:14","modified_utc":"2025-01-17 13:15:14","url":"https:\/\/lacreativacasadearte.es\/?tribe_venue=la-creativa-albacete","venue":"La Creativa Albacete","slug":"la-creativa-albacete","address":"C\/ Plaza de la Catedral, 3","city":"Albacete","country":"Spain","province":"Albacete","zip":"02001","phone":"608848498","stateprovince":"Albacete","json_ld":{"@type":"Place","name":"La Creativa Albacete","description":"","url":"","address":{"@type":"PostalAddress","streetAddress":"C\/ Plaza de la Catedral, 3","addressLocality":"Albacete","addressRegion":"Albacete","postalCode":"02001","addressCountry":"Spain"},"telephone":"608848498","sameAs":""},"show_map":false,"show_map_link":false,"global_id":"lacreativacasadearte.es?id=1646","global_id_lineage":["lacreativacasadearte.es?id=1646"]},"organizer":[{"id":10,"author":"1","status":"publish","date":"2022-08-24 13:24:00","date_utc":"2022-08-24 13:24:00","modified":"2022-08-24 13:24:00","modified_utc":"2022-08-24 13:24:00","url":"https:\/\/lacreativacasadearte.es\/?tribe_organizer=la-creativa","organizer":"La Creativa","slug":"la-creativa","email":"lacreativa.casadearte@gmail.com","json_ld":{"@type":"Person","name":"La Creativa","description":"","url":"","telephone":"","email":"l&#97;c&#114;&#101;a&#116;&#105;va&#46;&#99;a&#115;&#97;&#100;e&#97;r&#116;&#101;&#64;&#103;ma&#105;&#108;&#46;&#99;&#111;m","sameAs":""},"global_id":"lacreativacasadearte.es?id=10","global_id_lineage":["lacreativacasadearte.es?id=10"]}],"custom_fields":[],"json_ld":{"@context":"http:\/\/schema.org","@type":"Event","name":"Taller de set de desayuno en cer\u00e1mica-21 de noviembre","description":"&lt;p&gt;Taller de set de desayuno en cer\u00e1mica-21 de noviembre COMPLETO En este taller podr\u00e1s elaborar tu propio set de desayuno que incluye taza y plato. Es un buen momento para [&hellip;]&lt;\/p&gt;\\n","url":"https:\/\/lacreativacasadearte.es\/?tribe_events=taller-de-set-de-desayuno-en-ceramica-21-de-noviembre","eventAttendanceMode":"https:\/\/schema.org\/OfflineEventAttendanceMode","eventStatus":"https:\/\/schema.org\/EventScheduled","startDate":"2025-11-21T16:00:00+00:00","endDate":"2025-11-21T20:00:00+00:00","location":{"@type":"Place","name":"La Creativa Albacete","description":"","url":"","address":{"@type":"PostalAddress","streetAddress":"C\/ Plaza de la Catedral, 3","addressLocality":"Albacete","addressRegion":"Albacete","postalCode":"02001","addressCountry":"Spain"},"telephone":"608848498","sameAs":""},"organizer":{"@type":"Person","name":"La Creativa","description":"","url":"","telephone":"","email":"&#108;a&#99;re&#97;&#116;iv&#97;&#46;c&#97;sa&#100;&#101;a&#114;t&#101;&#64;&#103;m&#97;&#105;l.&#99;om","sameAs":""},"offers":{"@type":"Offer","price":"50","priceCurrency":"USD","url":"https:\/\/lacreativacasadearte.es\/?tribe_events=taller-de-set-de-desayuno-en-ceramica-21-de-noviembre","category":"primary","availability":"inStock","validFrom":"1970-01-01T00:00:00+00:00"},"performer":"Organization"}}